{"id":500,"date":"2019-05-17T20:18:37","date_gmt":"2019-05-17T20:18:37","guid":{"rendered":"http:\/\/augolf.pt\/?p=500"},"modified":"2019-08-10T16:26:29","modified_gmt":"2019-08-10T16:26:29","slug":"16a-assembleia-geral","status":"publish","type":"post","link":"http:\/\/augolf.pt\/index.php\/16a-assembleia-geral\/","title":{"rendered":"16\u00aa Assembleia Geral"},"content":{"rendered":"\t\t<div data-elementor-type=\"wp-post\" data-elementor-id=\"500\" class=\"elementor elementor-500\">\n\t\t\t\t\t\t<section class=\"elementor-section elementor-top-section elementor-element elementor-element-7680f20 elementor-section-boxed elementor-section-height-default elementor-section-height-default\" data-id=\"7680f20\" data-element_type=\"section\" data-e-type=\"section\">\n\t\t\t\t\t\t<div class=\"elementor-container elementor-column-gap-default\">\n\t\t\t\t\t<div class=\"elementor-column elementor-col-33 elementor-top-column elementor-element elementor-element-e771a3a\" data-id=\"e771a3a\" data-element_type=\"column\" data-e-type=\"column\">\n\t\t\t<div class=\"elementor-widget-wrap elementor-element-populated\">\n\t\t\t\t\t\t<div class=\"elementor-element elementor-element-9381bce elementor-widget elementor-widget-image\" data-id=\"9381bce\" data-element_type=\"widget\" data-e-type=\"widget\" data-widget_type=\"image.default\">\n\t\t\t\t<div class=\"elementor-widget-container\">\n\t\t\t\t\t\t\t\t\t\t\t\t\t\t\t<img fetchpriority=\"high\" decoding=\"async\" width=\"750\" height=\"750\" src=\"http:\/\/augolf.pt\/wp-content\/uploads\/2019\/06\/Logo_Assembleia_Geral_15-1024x1024.png\" class=\"attachment-large size-large wp-image-495\" alt=\"\" srcset=\"http:\/\/augolf.pt\/wp-content\/uploads\/2019\/06\/Logo_Assembleia_Geral_15-1024x1024.png 1024w, http:\/\/augolf.pt\/wp-content\/uploads\/2019\/06\/Logo_Assembleia_Geral_15-150x150.png 150w, http:\/\/augolf.pt\/wp-content\/uploads\/2019\/06\/Logo_Assembleia_Geral_15-300x300.png 300w, http:\/\/augolf.pt\/wp-content\/uploads\/2019\/06\/Logo_Assembleia_Geral_15-768x768.png 768w\" sizes=\"(max-width: 750px) 100vw, 750px\" \/>\t\t\t\t\t\t\t\t\t\t\t\t\t\t\t<\/div>\n\t\t\t\t<\/div>\n\t\t\t\t\t<\/div>\n\t\t<\/div>\n\t\t\t\t<div class=\"elementor-column elementor-col-66 elementor-top-column elementor-element elementor-element-906df24\" data-id=\"906df24\" data-element_type=\"column\" data-e-type=\"column\">\n\t\t\t<div class=\"elementor-widget-wrap elementor-element-populated\">\n\t\t\t\t\t\t<div class=\"elementor-element elementor-element-718b30f elementor-widget elementor-widget-text-editor\" data-id=\"718b30f\" data-element_type=\"widget\" data-e-type=\"widget\" data-widget_type=\"text-editor.default\">\n\t\t\t\t<div class=\"elementor-widget-container\">\n\t\t\t\t\t\t\t\t\t<p>Realizou-se no passado dia 11 de Maio a 16\u00aa Assembleia Geral da Associa\u00e7\u00e3o que contou com a presen\u00e7a de cerca de cinco dezenas de associados.<\/p><p>Sendo uma Assembleia Geral Ordin\u00e1ria e Eleitoral, come\u00e7ou com uma primeira parte onde a Dire\u00e7\u00e3o apresentou os Relat\u00f3rios &amp; Contas de 2017 e 2018. Fez um pequeno balan\u00e7o deste seu mandato e informou que n\u00e3o se iriam recandidatar a um segundo mandato, tecendo felicidades e votos de sucesso \u00e0 lista candidata aos \u00d3rg\u00e3os Sociais para o bi\u00e9nio 2019-2021.<\/p><p>Saiu tamb\u00e9m desta reuni\u00e3o a cria\u00e7\u00e3o de uma Comiss\u00e3o Revisora de Estatutos, para trabalhar sobre uma poss\u00edvel revis\u00e3o dos estatutos e resolu\u00e7\u00e3o de v\u00e1rios problemas com associados e d\u00edvidas existentes. Ficou at\u00e9 estipulado que seria obrigat\u00f3rio reunir as conclus\u00f5es desta Comiss\u00e3o at\u00e9 finais de Setembro em reuni\u00e3o geral de associados.<\/p><p>Na segunda parte foi apresentada a \u00fanica lista candidata aos \u00d3rg\u00e3os da associa\u00e7\u00e3o dando a palavra ao futuro novo Presidente que fez uma apresenta\u00e7\u00e3o do seu Plano de Actividades.<\/p><p>Posta \u00e0 vota\u00e7\u00e3o esta lista foi eleita por unanimidade e com apenas uma absten\u00e7\u00e3o.<\/p>\t\t\t\t\t\t\t\t<\/div>\n\t\t\t\t<\/div>\n\t\t\t\t\t<\/div>\n\t\t<\/div>\n\t\t\t\t\t<\/div>\n\t\t<\/section>\n\t\t\t\t<\/div>\n\t\t","protected":false},"excerpt":{"rendered":"<p>Realizou-se no passado dia 11 de Maio a 16\u00aa Assembleia Geral da Associa\u00e7\u00e3o que contou com a presen\u00e7a de cerca de cinco dezenas de associados. Sendo uma Assembleia Geral Ordin\u00e1ria e Eleitoral, come\u00e7ou com uma primeira parte onde a Dire\u00e7\u00e3o apresentou os Relat\u00f3rios &amp; Contas de 2017 e 2018. Fez [&hellip;]<\/p>\n","protected":false},"author":1,"featured_media":495,"comment_status":"closed","ping_status":"closed","sticky":false,"template":"","format":"standard","meta":{"footnotes":""},"categories":[1],"tags":[],"class_list":["post-500","post","type-post","status-publish","format-standard","has-post-thumbnail","hentry","category-noticia"],"_links":{"self":[{"href":"http:\/\/augolf.pt\/index.php\/wp-json\/wp\/v2\/posts\/500","targetHints":{"allow":["GET"]}}],"collection":[{"href":"http:\/\/augolf.pt\/index.php\/wp-json\/wp\/v2\/posts"}],"about":[{"href":"http:\/\/augolf.pt\/index.php\/wp-json\/wp\/v2\/types\/post"}],"author":[{"embeddable":true,"href":"http:\/\/augolf.pt\/index.php\/wp-json\/wp\/v2\/users\/1"}],"replies":[{"embeddable":true,"href":"http:\/\/augolf.pt\/index.php\/wp-json\/wp\/v2\/comments?post=500"}],"version-history":[{"count":3,"href":"http:\/\/augolf.pt\/index.php\/wp-json\/wp\/v2\/posts\/500\/revisions"}],"predecessor-version":[{"id":503,"href":"http:\/\/augolf.pt\/index.php\/wp-json\/wp\/v2\/posts\/500\/revisions\/503"}],"wp:featuredmedia":[{"embeddable":true,"href":"http:\/\/augolf.pt\/index.php\/wp-json\/wp\/v2\/media\/495"}],"wp:attachment":[{"href":"http:\/\/augolf.pt\/index.php\/wp-json\/wp\/v2\/media?parent=500"}],"wp:term":[{"taxonomy":"category","embeddable":true,"href":"http:\/\/augolf.pt\/index.php\/wp-json\/wp\/v2\/categories?post=500"},{"taxonomy":"post_tag","embeddable":true,"href":"http:\/\/augolf.pt\/index.php\/wp-json\/wp\/v2\/tags?post=500"}],"curies":[{"name":"wp","href":"https:\/\/api.w.org\/{rel}","templated":true}]}}